
{"id":8711,"date":"2026-08-31T21:36:53","date_gmt":"2026-08-31T19:36:53","guid":{"rendered":"https:\/\/przedszkole99.edu.wroclaw.pl\/?p=8711"},"modified":"2026-08-31T21:41:51","modified_gmt":"2026-08-31T19:41:51","slug":"witamy-w-nowym-roku-przedszkolnym","status":"publish","type":"post","link":"https:\/\/przedszkole99.edu.wroclaw.pl\/index.php\/2026\/08\/31\/witamy-w-nowym-roku-przedszkolnym\/","title":{"rendered":"Witamy w nowym roku przedszkolnym!"},"content":{"rendered":"<div class=\"wpb-content-wrapper\"><p>[vc_row][vc_column][vc_wp_text]<\/p>\n<p class=\"isselectedend\">Drodzy Rodzice, Kochane Dzieci!<\/p>\n<p class=\"isselectedend\">Ju\u017c <strong>1 wrze\u015bnia<\/strong> zapraszamy Was do naszego przedszkola!<\/p>\n<p class=\"isselectedend\">Czekaj\u0105 na Was Wasze sale, zabawki, koledzy, kole\u017canki i oczywi\u015bcie ukochane Panie.<br \/>\nWracamy do wsp\u00f3lnej zabawy, nauki, \u015bmiechu i odkrywania \u015bwiata!<\/p>\n<p class=\"isselectedend\">Zapraszamy <strong>wszystkie dzieci do swoich grup<\/strong> \u2013 z u\u015bmiechem rozpocznijmy razem kolejny pi\u0119kny rok!<\/p>\n<p class=\"isselectedend\">Listy dzieci z podzia\u0142em na grupy b\u0119d\u0105 wywieszone na tablicach informacyjnych poszczeg\u00f3lnych grup.<\/p>\n<p>Do zobaczenia <strong>1 wrze\u015bnia!<\/strong><br \/>\n<strong>Czekamy na Was!<\/strong>[\/vc_wp_text][\/vc_column][\/vc_row]<\/p>\n<\/div>","protected":false},"excerpt":{"rendered":"<p>[vc_row][vc_column][vc_wp_text] Drodzy Rodzice, Kochane Dzieci! Ju\u017c 1 wrze\u015bnia zapraszamy Was do naszego przedszkola! Czekaj\u0105 na Was Wasze sale, zabawki, koledzy, kole\u017canki i oczywi\u015bcie ukochane Panie. Wracamy do wsp\u00f3lnej zabawy, nauki, [&hellip;]<\/p>\n","protected":false},"author":133,"featured_media":0,"comment_status":"closed","ping_status":"open","sticky":false,"template":"","format":"standard","meta":{"ngg_post_thumbnail":0,"footnotes":""},"categories":[9],"tags":[],"class_list":["post-8711","post","type-post","status-publish","format-standard","hentry","category-aktualnosci","clearfix"],"_links":{"self":[{"href":"https:\/\/przedszkole99.edu.wroclaw.pl\/index.php\/wp-json\/wp\/v2\/posts\/8711","targetHints":{"allow":["GET"]}}],"collection":[{"href":"https:\/\/przedszkole99.edu.wroclaw.pl\/index.php\/wp-json\/wp\/v2\/posts"}],"about":[{"href":"https:\/\/przedszkole99.edu.wroclaw.pl\/index.php\/wp-json\/wp\/v2\/types\/post"}],"author":[{"embeddable":true,"href":"https:\/\/przedszkole99.edu.wroclaw.pl\/index.php\/wp-json\/wp\/v2\/users\/133"}],"replies":[{"embeddable":true,"href":"https:\/\/przedszkole99.edu.wroclaw.pl\/index.php\/wp-json\/wp\/v2\/comments?post=8711"}],"version-history":[{"count":3,"href":"https:\/\/przedszkole99.edu.wroclaw.pl\/index.php\/wp-json\/wp\/v2\/posts\/8711\/revisions"}],"predecessor-version":[{"id":8715,"href":"https:\/\/przedszkole99.edu.wroclaw.pl\/index.php\/wp-json\/wp\/v2\/posts\/8711\/revisions\/8715"}],"wp:attachment":[{"href":"https:\/\/przedszkole99.edu.wroclaw.pl\/index.php\/wp-json\/wp\/v2\/media?parent=8711"}],"wp:term":[{"taxonomy":"category","embeddable":true,"href":"https:\/\/przedszkole99.edu.wroclaw.pl\/index.php\/wp-json\/wp\/v2\/categories?post=8711"},{"taxonomy":"post_tag","embeddable":true,"href":"https:\/\/przedszkole99.edu.wroclaw.pl\/index.php\/wp-json\/wp\/v2\/tags?post=8711"}],"curies":[{"name":"wp","href":"https:\/\/api.w.org\/{rel}","templated":true}]}}