
{"id":8638,"date":"2026-05-03T14:38:05","date_gmt":"2026-05-03T12:38:05","guid":{"rendered":"https:\/\/przedszkole99.edu.wroclaw.pl\/?p=8638"},"modified":"2026-05-03T14:38:05","modified_gmt":"2026-05-03T12:38:05","slug":"zdalny-psycholog-5-05-2026","status":"publish","type":"post","link":"https:\/\/przedszkole99.edu.wroclaw.pl\/index.php\/2026\/05\/03\/zdalny-psycholog-5-05-2026\/","title":{"rendered":"Zdalny psycholog 5.05.2026"},"content":{"rendered":"<div class=\"wpb-content-wrapper\"><p>[vc_row][vc_column][vc_wp_text]<\/p>\n<div>\n<p><i><span data-ogsc=\"black\" data-olk-copy-source=\"MessageBody\">&#8222;Dlaczego jedno dziecko jest bardziej wra\u017cliwe i ostro\u017cne, a inne impulsywne i \u201ebuntownicze\u201d? Sk\u0105d bierze si\u0119 potrzeba kontroli u ma\u0142ych perfekcjonist\u00f3w? Zapraszamy na Live Sesj\u0119 w ramach projektu Wellbefi Zdalny Psycholog, podczas kt\u00f3rej opowiemy, czym jest temperament i jak wp\u0142ywa na zachowanie dziecka.<\/span><\/i><\/p>\n<\/div>\n<div>\n<p><i><span data-ogsc=\"black\">\u00a0<\/span><\/i><\/p>\n<\/div>\n<div>\n<p><i><span data-ogsc=\"black\">Data i temat spotkania:<\/span><\/i><\/p>\n<\/div>\n<div>\n<p><b><i><span data-ogsc=\"black\">Wtorek, 05.05, godz. 17.00 &#8211; Ma\u0142y perfekcjonista, ma\u0142y buntownik &#8211; jak wspiera\u0107 temperament dziecka zamiast z nim walczy\u0107<\/span><\/i><\/b><\/p>\n<\/div>\n<div>\n<p><i><span data-ogsc=\"black\">Jak temperament wp\u0142ywa na codzienne zachowanie dziecka. Jak niewielkie zmiany w podej\u015bciu rodzica mog\u0105 znacz\u0105co poprawi\u0107 wsp\u00f3\u0142prac\u0119 i relacj\u0119. Konkretne, psychologiczne strategie, kt\u00f3re pomagaj\u0105 lepiej dopasowa\u0107 spos\u00f3b reagowania do potrzeb dziecka, wspiera\u0107 jego rozw\u00f3j i jednocze\u015bnie stawia\u0107 jasne granice.\u00a0<\/span><\/i><\/p>\n<\/div>\n<div>\n<p><span data-ogsc=\"black\">\u00a0<\/span><\/p>\n<\/div>\n<div>\n<p><i><span data-ogsc=\"black\">Wieczorem zapraszamy do wsp\u00f3lnego relaksu podczas s\u0142uchania bajki terapeutycznej! Codziennie (pon.-pt.) o godz. 13.00 i o 19.00 czytamy przedszkolakom na \u017cywo bajki, kt\u00f3re w pozwalaj\u0105 dzieciom lepiej pozna\u0107 i rozumie\u0107 r\u00f3\u017cne emocje.<\/span><\/i><\/p>\n<\/div>\n<div>\n<p><i><span data-ogsc=\"black\">\u00a0<\/span><\/i><\/p>\n<\/div>\n<div>\n<p><i><span data-ogsc=\"black\">Chcesz obejrze\u0107 webinar lub pos\u0142ucha\u0107 bajki? Kliknij wid\u017cet projektu Wellbefi Zdalny Psycholog na stronie internetowej przedszkola. Transmisja rozpocznie si\u0119 automatycznie o wskazanej godzinie. Do zobaczenia!<\/span><\/i><\/p>\n<\/div>\n<div>\n<p><span data-ogsc=\"black\">\u00a0<\/span><\/p>\n<\/div>\n<div>\n<p><i><span data-ogsc=\"black\">&#8212;&#8212;&#8212;&#8212;&#8212;&#8212;&#8212;&#8212;&#8212;&#8212;&#8212;&#8212;<\/span><\/i><\/p>\n<\/div>\n<div>\n<p><i><span data-ogsc=\"black\">Fundacja Wsp\u00f3lnie dla Sprawy realizuje projekt dla szk\u00f3\u0142 i przedszkoli Wellbefi Zdalny Psycholog, kt\u00f3ry umo\u017cliwia uczniom, rodzicom i nauczycielom dost\u0119p do bezp\u0142atnych konsultacji psychologicznych online oraz Live Sesji na tematy zwi\u0105zane z dobrostanem psychicznym.&#8221;<\/span><\/i><\/p>\n<\/div>\n<div>\n<p><span data-ogsc=\"black\">\u00a0<\/span><\/p>\n<\/div>\n<div id=\"x_Signature\">\n<div>\n<p><span data-ogsc=\"black\">\u00a0<\/span><\/p>\n<\/div>\n<div class=\"R1UVb\">\n<div class=\"qF8_5\"><button class=\"fui-Button r1f29ykk wD8TJ ___1cf351u f1c21dwh f1p3nwhy f11589ue f1q5o8ev f1pdflbu fkfq4zb fjxutwb f1s2uweq fr80ssc f1ukrpxl fecsdlb f139oj5f ft1hn21 fuxngvv fkoldzo fhvnf4x fb6swo4 f1klyf7k f232fm2 f1l983o9 f1nhwcv0 f1gm6xmp fxoo9op f1v3eptx f1i0gk12 fd4bjan f18ktai2 fwbmr0d f44c6la\" title=\"Poka\u017c oryginalny rozmiar\" type=\"button\" aria-label=\"Poka\u017c oryginalny rozmiar\"><span class=\"fui-Button__icon rywnvv2\"><i class=\"fui-Icon-font ___qaf4230 f14t3ns0 fne0op0 fmd4ok8 f303qgw f1sxfq9t\" aria-hidden=\"true\">\ue113<\/i><\/span><\/button><\/div>\n<table id=\"x_x_zs-output-sig\" border=\"0\" cellspacing=\"0\" cellpadding=\"0\">\n<tbody>\n<tr>\n<td>\n<table id=\"x_x_inner-table\" border=\"0\" cellspacing=\"0\" cellpadding=\"0\">\n<tbody>\n<tr>\n<td><b><span data-ogsc=\"rgb(67, 67, 67)\">\u0141\u0105cz\u0119 pozdrowienia \/ Best Regards<\/span><\/b><\/td>\n<\/tr>\n<tr>\n<td><b><span data-ogsc=\"rgb(38, 105, 98)\">Ewa Wiedemann<\/span><\/b><\/td>\n<\/tr>\n<tr>\n<td><b><span data-ogsc=\"rgb(67, 67, 67)\">Specjalistka ds. Komunikacji Fundacji Wsp\u00f3lnie dla Sprawy<\/span><\/b><\/td>\n<\/tr>\n<tr>\n<td>\n<table border=\"0\" cellspacing=\"0\" cellpadding=\"0\">\n<tbody>\n<tr>\n<td>\n<table border=\"0\" cellspacing=\"0\" cellpadding=\"0\">\n<tbody>\n<tr>\n<td><span data-ogsc=\"black\"><img decoding=\"async\" id=\"x__x0000_i1029\" class=\"bCDJk\" src=\"https:\/\/wellbefi.pl\/wp-content\/uploads\/2026\/02\/icon-mail-mail.png\" alt=\"Email icon\" border=\"0\" data-imagetype=\"External\" data-ogsc=\"\" \/><\/span><\/td>\n<td><a title=\"mailto:ewa.wiedemann@fundacjawds.org\" href=\"mailto:ewa.wiedemann@fundacjawds.org\" data-linkindex=\"4\" data-ogsc=\"\"><span data-ogsc=\"rgb(67, 67, 67)\">ewa.wiedemann@fundacjawds.org<\/span><\/a><\/td>\n<\/tr>\n<\/tbody>\n<\/table>\n<\/td>\n<\/tr>\n<tr>\n<td>\n<table border=\"0\" cellspacing=\"0\" cellpadding=\"0\">\n<tbody>\n<tr>\n<td><span data-ogsc=\"black\"><img decoding=\"async\" id=\"x__x0000_i1028\" class=\"bCDJk\" src=\"https:\/\/wellbefi.pl\/wp-content\/uploads\/2026\/02\/icon-mail-phone.png\" alt=\"Phone icon\" border=\"0\" data-imagetype=\"External\" data-ogsc=\"\" \/><\/span><\/td>\n<td><span data-ogsc=\"rgb(67, 67, 67)\">+48 798 671 854<\/span><\/td>\n<\/tr>\n<\/tbody>\n<\/table>\n<\/td>\n<\/tr>\n<tr>\n<td>\n<table border=\"0\" cellspacing=\"0\" cellpadding=\"0\">\n<tbody>\n<tr>\n<td><span data-ogsc=\"black\"><img decoding=\"async\" id=\"x__x0000_i1027\" class=\"bCDJk\" src=\"https:\/\/wellbefi.pl\/wp-content\/uploads\/2026\/02\/icon-mail-web.png\" alt=\"Website icon\" border=\"0\" data-imagetype=\"External\" data-ogsc=\"\" \/><\/span><\/td>\n<td><a title=\"https:\/\/wellbefi.pl\/\" href=\"https:\/\/wellbefi.pl\/\" target=\"_blank\" rel=\"noopener noreferrer\" data-auth=\"NotApplicable\" data-linkindex=\"5\" data-ogsc=\"\"><span data-ogsc=\"rgb(67, 67, 67)\">www.wellbefi.pl<\/span><\/a><\/td>\n<\/tr>\n<\/tbody>\n<\/table>\n<\/td>\n<\/tr>\n<tr>\n<td>\n<table border=\"0\" cellspacing=\"0\" cellpadding=\"0\">\n<tbody>\n<tr>\n<td><span data-ogsc=\"black\"><img decoding=\"async\" id=\"x__x0000_i1026\" class=\"bCDJk\" src=\"https:\/\/wellbefi.pl\/wp-content\/uploads\/2026\/02\/icon-mail-fb.png\" alt=\"Website icon\" border=\"0\" data-imagetype=\"External\" data-ogsc=\"\" \/><\/span><\/td>\n<td><a title=\"https:\/\/www.facebook.com\/profile.php?id=61582893337197\" href=\"https:\/\/www.facebook.com\/profile.php?id=61582893337197\" target=\"_blank\" rel=\"noopener noreferrer\" data-auth=\"NotApplicable\" data-linkindex=\"6\" data-ogsc=\"\"><span data-ogsc=\"rgb(67, 67, 67)\">Odwied\u017a nasz profil na FB<\/span><\/a><\/td>\n<\/tr>\n<\/tbody>\n<\/table>\n<\/td>\n<\/tr>\n<\/tbody>\n<\/table>\n<\/td>\n<\/tr>\n<tr>\n<td><b><span data-ogsc=\"rgb(34, 34, 34)\">Fundacja Wsp\u00f3lnie Dla Sprawy<\/span><\/b><\/td>\n<\/tr>\n<tr>\n<td>\n<table border=\"0\" cellspacing=\"0\" cellpadding=\"0\">\n<tbody>\n<tr>\n<td><span data-ogsc=\"rgb(67, 67, 67)\">ul. Cztery Pory Roku 1\/4, 71-806 Szczecin<\/span><\/td>\n<\/tr>\n<\/tbody>\n<\/table>\n<\/td>\n<\/tr>\n<tr>\n<td><span data-ogsc=\"black\"><img decoding=\"async\" id=\"x__x0000_i1025\" class=\"bCDJk\" src=\"https:\/\/wellbefi.pl\/wp-content\/uploads\/2026\/02\/icon-mail-logo.png\" alt=\"WDS logo\" border=\"0\" data-imagetype=\"External\" data-ogsc=\"\" \/><\/span><\/td>\n<\/tr>\n<\/tbody>\n<\/table>\n<\/td>\n<\/tr>\n<tr>\n<td><span data-ogsc=\"rgb(67, 67, 67)\">Niniejsza wiadomo\u015b\u0107 e-mail zawiera Pa\u0144stwa dane osobowe, kt\u00f3re s\u0105 przetwarzane zgodnie\u00a0z przepisami Rozporz\u0105dzenia Og\u00f3lnego o Ochronie Danych Osobowych (RODO). Administratorem danych jest Fundacja Wsp\u00f3lnie dla sprawy z siedzib\u0105 pod adresem ul. Cztery pory roku 1\/4, 71-806 w Szczecinie. Dane osobowe s\u0105 przetwarzane w celu odpowiedzi na Pa\u0144stwa zapytanie lub prowadzenia dalszej korespondencji. Maj\u0105 Pa\u0144stwo prawo dost\u0119pu do swoich danych, ich sprostowania, usuni\u0119cia, cofni\u0119cia zgody lub ograniczenia przetwarzania oraz wniesienia skargi do organu nadzorczego. Dane b\u0119d\u0105 przechowywane przez okres niezb\u0119dny do prowadzenia korespondencji. Je\u015bli nie jeste\u015b zamierzonym odbiorc\u0105 tej wiadomo\u015bci, prosimy o niezw\u0142oczne jej usuni\u0119cie.<\/span><\/td>\n<\/tr>\n<\/tbody>\n<\/table>\n<\/div>\n<\/div>\n<p>[\/vc_wp_text][\/vc_column][\/vc_row]<\/p>\n<\/div>","protected":false},"excerpt":{"rendered":"<p>[vc_row][vc_column][vc_wp_text] &#8222;Dlaczego jedno dziecko jest bardziej wra\u017cliwe i ostro\u017cne, a inne impulsywne i \u201ebuntownicze\u201d? Sk\u0105d bierze si\u0119 potrzeba kontroli u ma\u0142ych perfekcjonist\u00f3w? Zapraszamy na Live Sesj\u0119 w ramach projektu Wellbefi [&hellip;]<\/p>\n","protected":false},"author":133,"featured_media":0,"comment_status":"closed","ping_status":"open","sticky":false,"template":"","format":"standard","meta":{"ngg_post_thumbnail":0,"footnotes":""},"categories":[9],"tags":[],"class_list":["post-8638","post","type-post","status-publish","format-standard","hentry","category-aktualnosci","clearfix"],"_links":{"self":[{"href":"https:\/\/przedszkole99.edu.wroclaw.pl\/index.php\/wp-json\/wp\/v2\/posts\/8638","targetHints":{"allow":["GET"]}}],"collection":[{"href":"https:\/\/przedszkole99.edu.wroclaw.pl\/index.php\/wp-json\/wp\/v2\/posts"}],"about":[{"href":"https:\/\/przedszkole99.edu.wroclaw.pl\/index.php\/wp-json\/wp\/v2\/types\/post"}],"author":[{"embeddable":true,"href":"https:\/\/przedszkole99.edu.wroclaw.pl\/index.php\/wp-json\/wp\/v2\/users\/133"}],"replies":[{"embeddable":true,"href":"https:\/\/przedszkole99.edu.wroclaw.pl\/index.php\/wp-json\/wp\/v2\/comments?post=8638"}],"version-history":[{"count":1,"href":"https:\/\/przedszkole99.edu.wroclaw.pl\/index.php\/wp-json\/wp\/v2\/posts\/8638\/revisions"}],"predecessor-version":[{"id":8639,"href":"https:\/\/przedszkole99.edu.wroclaw.pl\/index.php\/wp-json\/wp\/v2\/posts\/8638\/revisions\/8639"}],"wp:attachment":[{"href":"https:\/\/przedszkole99.edu.wroclaw.pl\/index.php\/wp-json\/wp\/v2\/media?parent=8638"}],"wp:term":[{"taxonomy":"category","embeddable":true,"href":"https:\/\/przedszkole99.edu.wroclaw.pl\/index.php\/wp-json\/wp\/v2\/categories?post=8638"},{"taxonomy":"post_tag","embeddable":true,"href":"https:\/\/przedszkole99.edu.wroclaw.pl\/index.php\/wp-json\/wp\/v2\/tags?post=8638"}],"curies":[{"name":"wp","href":"https:\/\/api.w.org\/{rel}","templated":true}]}}