
{"id":8633,"date":"2026-04-21T07:03:17","date_gmt":"2026-04-21T05:03:17","guid":{"rendered":"https:\/\/przedszkole99.edu.wroclaw.pl\/?p=8633"},"modified":"2026-04-21T07:03:40","modified_gmt":"2026-04-21T05:03:40","slug":"zdalny-psycholog-21-04","status":"publish","type":"post","link":"https:\/\/przedszkole99.edu.wroclaw.pl\/index.php\/2026\/04\/21\/zdalny-psycholog-21-04\/","title":{"rendered":"Zdalny psycholog 21.04"},"content":{"rendered":"<div class=\"wpb-content-wrapper\"><p>[vc_row][vc_column][vc_wp_text]<\/p>\n<div class=\"x_elementToProof\" data-ogsc=\"rgb(0, 0, 0)\" data-olk-copy-source=\"MessageBody\">&#8222;Zastanawiasz si\u0119, sk\u0105d u malucha zachowania takie jak bicie, gryzienie czy krzyk? Nie wiesz, jak wspiera\u0107 swoje dziecko w radzeniu sobie z trudnymi emocjami? Zapraszamy na Live Sesj\u0119 Wellbefi! Porozmawiamy o tym, jak reagowa\u0107 i stawia\u0107 granice w spokojny i konsekwentny spos\u00f3b.<\/div>\n<div class=\"x_elementToProof\" data-ogsc=\"rgb(0, 0, 0)\"><\/div>\n<div class=\"x_elementToProof\" aria-hidden=\"true\" data-ogsc=\"rgb(0, 0, 0)\"><\/div>\n<div class=\"x_elementToProof\" data-ogsc=\"rgb(0, 0, 0)\"><\/div>\n<div class=\"x_elementToProof\" data-ogsc=\"rgb(0, 0, 0)\">Data i temat spotkania:<\/div>\n<div class=\"x_elementToProof\" data-ogsc=\"rgb(0, 0, 0)\"><\/div>\n<div class=\"x_elementToProof\" data-ogsc=\"rgb(0, 0, 0)\">Wtorek, 21.04, godz. 17.00 &#8211; Dlaczego moje dziecko bije, gryzie, krzyczy \u2013 agresja i impulsywno\u015b\u0107 u ma\u0142ych dzieci<\/div>\n<div class=\"x_elementToProof\" data-ogsc=\"rgb(0, 0, 0)\"><\/div>\n<div class=\"x_elementToProof\" data-ogsc=\"rgb(0, 0, 0)\">Jak reagowa\u0107, aby skutecznie wspiera\u0107 dziecko w nauce kontroli emocji. Konkretne, psychologiczne strategie, kt\u00f3re pomagaj\u0105 wycisza\u0107 emocje, uczy\u0107 dziecko bezpiecznych sposob\u00f3w wyra\u017cania z\u0142o\u015bci i jednocze\u015bnie stawia\u0107 jasne granice.<\/div>\n<div class=\"x_elementToProof\" data-ogsc=\"rgb(0, 0, 0)\"><\/div>\n<div class=\"x_elementToProof\" aria-hidden=\"true\" data-ogsc=\"rgb(0, 0, 0)\"><\/div>\n<div class=\"x_elementToProof\" data-ogsc=\"rgb(0, 0, 0)\"><\/div>\n<div class=\"x_elementToProof\" data-ogsc=\"rgb(0, 0, 0)\">Brak plan\u00f3w na wiecz\u00f3r? Zach\u0119camy do pos\u0142uchania bajek terapeutycznych przygotowanych z my\u015bl\u0105 o przedszkolakach. Kiedy? Codziennie (pon.-pt.) o godz. 13.00 i o 19.00 czytamy na \u017cywo bajki, kt\u00f3re pozwol\u0105 dziecku oswoi\u0107 r\u00f3\u017cne emocje w bezpieczny i dopasowany do wieku spos\u00f3b.<\/div>\n<div class=\"x_elementToProof\" data-ogsc=\"rgb(0, 0, 0)\"><\/div>\n<div class=\"x_elementToProof\" aria-hidden=\"true\" data-ogsc=\"rgb(0, 0, 0)\"><\/div>\n<div class=\"x_elementToProof\" data-ogsc=\"rgb(0, 0, 0)\"><\/div>\n<div class=\"x_elementToProof\" data-ogsc=\"rgb(0, 0, 0)\">Jak do\u0142\u0105czy\u0107 do sesji lub pos\u0142ucha\u0107 bajki? To proste! Wystarczy klikn\u0105\u0107 wid\u017cet projektu Wellbefi Zdalny Psycholog na stronie internetowej przedszkola. Transmisja rozpocznie si\u0119 automatycznie o wskazanej godzinie. Do zobaczenia!<\/div>\n<div class=\"x_elementToProof\" data-ogsc=\"rgb(0, 0, 0)\"><\/div>\n<div class=\"x_elementToProof\" aria-hidden=\"true\" data-ogsc=\"rgb(0, 0, 0)\"><\/div>\n<div class=\"x_elementToProof\" data-ogsc=\"rgb(0, 0, 0)\"><\/div>\n<p>[\/vc_wp_text][\/vc_column][\/vc_row]<\/p>\n<\/div>","protected":false},"excerpt":{"rendered":"<p>[vc_row][vc_column][vc_wp_text] &#8222;Zastanawiasz si\u0119, sk\u0105d u malucha zachowania takie jak bicie, gryzienie czy krzyk? Nie wiesz, jak wspiera\u0107 swoje dziecko w radzeniu sobie z trudnymi emocjami? Zapraszamy na Live Sesj\u0119 Wellbefi! [&hellip;]<\/p>\n","protected":false},"author":133,"featured_media":0,"comment_status":"closed","ping_status":"open","sticky":false,"template":"","format":"standard","meta":{"ngg_post_thumbnail":0,"footnotes":""},"categories":[9],"tags":[],"class_list":["post-8633","post","type-post","status-publish","format-standard","hentry","category-aktualnosci","clearfix"],"_links":{"self":[{"href":"https:\/\/przedszkole99.edu.wroclaw.pl\/index.php\/wp-json\/wp\/v2\/posts\/8633","targetHints":{"allow":["GET"]}}],"collection":[{"href":"https:\/\/przedszkole99.edu.wroclaw.pl\/index.php\/wp-json\/wp\/v2\/posts"}],"about":[{"href":"https:\/\/przedszkole99.edu.wroclaw.pl\/index.php\/wp-json\/wp\/v2\/types\/post"}],"author":[{"embeddable":true,"href":"https:\/\/przedszkole99.edu.wroclaw.pl\/index.php\/wp-json\/wp\/v2\/users\/133"}],"replies":[{"embeddable":true,"href":"https:\/\/przedszkole99.edu.wroclaw.pl\/index.php\/wp-json\/wp\/v2\/comments?post=8633"}],"version-history":[{"count":1,"href":"https:\/\/przedszkole99.edu.wroclaw.pl\/index.php\/wp-json\/wp\/v2\/posts\/8633\/revisions"}],"predecessor-version":[{"id":8634,"href":"https:\/\/przedszkole99.edu.wroclaw.pl\/index.php\/wp-json\/wp\/v2\/posts\/8633\/revisions\/8634"}],"wp:attachment":[{"href":"https:\/\/przedszkole99.edu.wroclaw.pl\/index.php\/wp-json\/wp\/v2\/media?parent=8633"}],"wp:term":[{"taxonomy":"category","embeddable":true,"href":"https:\/\/przedszkole99.edu.wroclaw.pl\/index.php\/wp-json\/wp\/v2\/categories?post=8633"},{"taxonomy":"post_tag","embeddable":true,"href":"https:\/\/przedszkole99.edu.wroclaw.pl\/index.php\/wp-json\/wp\/v2\/tags?post=8633"}],"curies":[{"name":"wp","href":"https:\/\/api.w.org\/{rel}","templated":true}]}}