
{"id":8601,"date":"2026-03-31T06:40:44","date_gmt":"2026-03-31T04:40:44","guid":{"rendered":"https:\/\/przedszkole99.edu.wroclaw.pl\/?p=8601"},"modified":"2026-03-31T06:40:44","modified_gmt":"2026-03-31T04:40:44","slug":"zdalny-psycholog-31-03","status":"publish","type":"post","link":"https:\/\/przedszkole99.edu.wroclaw.pl\/index.php\/2026\/03\/31\/zdalny-psycholog-31-03\/","title":{"rendered":"Zdalny psycholog 31.03"},"content":{"rendered":"<div class=\"wpb-content-wrapper\"><p>[vc_row][vc_column][vc_wp_text]<\/p>\n<div>\n<p><i><span data-ogsc=\"black\" data-olk-copy-source=\"MessageBody\">&#8222;Czasem zastanawiasz si\u0119, czy Twoje dziecko zachowuje si\u0119 \u201cprawid\u0142owo&#8221;? To normalne. Por\u00f3wnywanie z r\u00f3wie\u015bnikami, sprzeczne informacje i presja otoczenia mog\u0105 budzi\u0107 niepok\u00f3j.\u00a0Dlatego podczas Live Sesji w ramach Wellbefi Zdalny Psycholog postaramy si\u0119 rozwia\u0107 w\u0105tpliwo\u015bci i udzieli\u0107 odpowiedzi na najcz\u0119stsze pytania.<\/span><\/i><\/p>\n<\/div>\n<div>\n<p><i><span data-ogsc=\"black\">\u00a0<\/span><\/i><\/p>\n<\/div>\n<div>\n<p><i><span data-ogsc=\"black\">Data i temat spotkania:<\/span><\/i><\/p>\n<\/div>\n<div>\n<p><b><i><span data-ogsc=\"black\">Wtorek, 31.03, godz. 17.00 &#8211; Rozw\u00f3j przedszkolaka bez presji &#8211; co jest norm\u0105 a co sygna\u0142em ostrzegawczym?<\/span><\/i><\/b><\/p>\n<\/div>\n<div>\n<p><i><span data-ogsc=\"black\">Jak wygl\u0105da typowy rozw\u00f3j dziecka w wieku przedszkolnym. Jakie trudno\u015bci s\u0105 naturaln\u0105 cz\u0119\u015bci\u0105 rozwoju, a jakie mog\u0105 by\u0107 sygna\u0142em, \u017ce dziecko potrzebuje dodatkowego wsparcia.\u00a0Na co warto zwraca\u0107 uwag\u0119 w codziennym funkcjonowaniu dziecka oraz jak odr\u00f3\u017cni\u0107 etap rozwojowy od trudno\u015bci wymagaj\u0105cych konsultacji.\u00a0<\/span><\/i><\/p>\n<\/div>\n<div>\n<p><span data-ogsc=\"black\">\u00a0<\/span><\/p>\n<\/div>\n<div>\n<p><i><span data-ogsc=\"black\">Dodatkowa LS z Go\u015bciem Specjalnym, certyfikowanym psychologiem sportu dr. Marcinem Kochanowskim:<\/span><\/i><\/p>\n<\/div>\n<div>\n<p><b><i><span data-ogsc=\"black\">\u015aroda. 01.04, godz. 17.00 &#8211; Wyznaczania cel\u00f3w osobistych w sporcie<\/span><\/i><\/b><\/p>\n<\/div>\n<div>\n<p><i><span data-ogsc=\"black\">Jak wyznacza\u0107 sobie cele, aby skutecznie je realizowa\u0107. Sposoby mistrz\u00f3w do wykorzystania na boisku, w szkole, w domu i w pracy.<\/span><\/i><\/p>\n<\/div>\n<div>\n<p><span data-ogsc=\"black\">\u00a0<\/span><\/p>\n<\/div>\n<div>\n<p><i><span data-ogsc=\"black\">A mo\u017ce bajka na dobranoc? Zapraszamy do wsp\u00f3lnego s\u0142uchania z dzieckiem Bajek Terapeutycznych czytanych dla Was na \u017cywo przez psycholog\u00f3w z Fundacji Wsp\u00f3lnie dla Sprawy! Kiedy? Codziennie (pon.-pt.) o godz. 13.00 i o 19.00.<\/span><\/i><\/p>\n<\/div>\n<div>\n<p><i><span data-ogsc=\"black\">\u00a0<\/span><\/i><\/p>\n<\/div>\n<div>\n<p><i><span data-ogsc=\"black\">Jak do\u0142\u0105czy\u0107 do sesji lub pos\u0142ucha\u0107 bajki? Wystarczy klikn\u0105\u0107 wid\u017cet projektu Wellbefi Zdalny Psycholog na stronie internetowej przedszkola. Transmisja rozpocznie si\u0119 automatycznie o wskazanej godzinie.<\/span><\/i><\/p>\n<\/div>\n<div>\n<p><span data-ogsc=\"black\">\u00a0<\/span><\/p>\n<\/div>\n<div>\n<p><i><span data-ogsc=\"black\">&#8212;&#8212;&#8212;&#8212;&#8212;&#8212;&#8212;&#8212;&#8212;&#8212;&#8212;&#8212;<\/span><\/i><\/p>\n<\/div>\n<div>\n<p><i><span data-ogsc=\"black\">Fundacja Wsp\u00f3lnie dla Sprawy realizuje projekt dla szk\u00f3\u0142 i przedszkoli Wellbefi Zdalny Psycholog, kt\u00f3ry umo\u017cliwia uczniom, rodzicom i nauczycielom dost\u0119p do bezp\u0142atnych konsultacji psychologicznych online oraz Live Sesji na tematy zwi\u0105zane z dobrostanem psychicznym.&#8221;<\/span><\/i><\/p>\n<\/div>\n<div>\n<p><span data-ogsc=\"black\">\u00a0<\/span><\/p>\n<\/div>\n<div id=\"x_Signature\">\n<div>\n<p><span data-ogsc=\"black\">\u00a0<\/span><\/p>\n<\/div>\n<div class=\"R1UVb\">\n<div class=\"qF8_5\"><\/div>\n<\/div>\n<\/div>\n<div class=\"T31hC customScrollBar GNqVo allowTextSelection\">\n<div class=\"BIZfh\" role=\"document\" aria-label=\"Tre\u015b\u0107 wiadomo\u015bci\">\n<div>\n<div>\n<div lang=\"pl\">\n<div>\n<div id=\"x_Signature\">\n<div class=\"R1UVb\">\n<table id=\"x_x_zs-output-sig\" border=\"0\" cellspacing=\"0\" cellpadding=\"0\">\n<tbody>\n<tr>\n<td>\n<table id=\"x_x_inner-table\" border=\"0\" cellspacing=\"0\" cellpadding=\"0\">\n<tbody>\n<tr>\n<td><b><span data-ogsc=\"rgb(67, 67, 67)\">\u0141\u0105cz\u0119 pozdrowienia \/ Best Regards<\/span><\/b><\/td>\n<\/tr>\n<tr>\n<td><b><span data-ogsc=\"rgb(38, 105, 98)\">Ewa Wiedemann<\/span><\/b><\/td>\n<\/tr>\n<tr>\n<td><b><span data-ogsc=\"rgb(67, 67, 67)\">Specjalistka ds. Komunikacji Fundacji Wsp\u00f3lnie dla Sprawy<\/span><\/b><\/td>\n<\/tr>\n<tr>\n<td>\n<table border=\"0\" cellspacing=\"0\" cellpadding=\"0\">\n<tbody>\n<tr>\n<td>\n<table border=\"0\" cellspacing=\"0\" cellpadding=\"0\">\n<tbody>\n<tr>\n<td><span data-ogsc=\"black\"><img decoding=\"async\" id=\"x__x0000_i1029\" class=\"bCDJk\" src=\"https:\/\/wellbefi.pl\/wp-content\/uploads\/2026\/02\/icon-mail-mail.png\" alt=\"Email icon\" data-imagetype=\"External\" data-ogsc=\"\" \/><\/span><\/td>\n<td><span data-ogsc=\"rgb(67, 67, 67)\"><a title=\"mailto:ewa.wiedemann@fundacjawds.org\" href=\"mailto:ewa.wiedemann@fundacjawds.org\" data-linkindex=\"0\" data-ogsc=\"\">ewa.wiedemann@fundacjawds.org<\/a><\/span><\/td>\n<\/tr>\n<\/tbody>\n<\/table>\n<\/td>\n<\/tr>\n<tr>\n<td>\n<table border=\"0\" cellspacing=\"0\" cellpadding=\"0\">\n<tbody>\n<tr>\n<td><span data-ogsc=\"black\"><img decoding=\"async\" id=\"x__x0000_i1028\" class=\"bCDJk\" src=\"https:\/\/wellbefi.pl\/wp-content\/uploads\/2026\/02\/icon-mail-phone.png\" alt=\"Phone icon\" border=\"0\" data-imagetype=\"External\" data-ogsc=\"\" \/><\/span><\/td>\n<td><span data-ogsc=\"rgb(67, 67, 67)\">+48 798 671 854<\/span><\/td>\n<\/tr>\n<\/tbody>\n<\/table>\n<\/td>\n<\/tr>\n<tr>\n<td>\n<table border=\"0\" cellspacing=\"0\" cellpadding=\"0\">\n<tbody>\n<tr>\n<td><span data-ogsc=\"black\"><img decoding=\"async\" id=\"x__x0000_i1027\" class=\"bCDJk\" src=\"https:\/\/wellbefi.pl\/wp-content\/uploads\/2026\/02\/icon-mail-web.png\" alt=\"Website icon\" border=\"0\" data-imagetype=\"External\" data-ogsc=\"\" \/><\/span><\/td>\n<td><span data-ogsc=\"rgb(67, 67, 67)\"><a title=\"https:\/\/wellbefi.pl\/\" href=\"https:\/\/wellbefi.pl\/\" target=\"_blank\" rel=\"noopener noreferrer\" data-auth=\"NotApplicable\" data-linkindex=\"1\" data-ogsc=\"\">www.wellbefi.pl<\/a><\/span><\/td>\n<\/tr>\n<\/tbody>\n<\/table>\n<\/td>\n<\/tr>\n<tr>\n<td>\n<table border=\"0\" cellspacing=\"0\" cellpadding=\"0\">\n<tbody>\n<tr>\n<td><span data-ogsc=\"black\"><img decoding=\"async\" id=\"x__x0000_i1026\" class=\"bCDJk\" src=\"https:\/\/wellbefi.pl\/wp-content\/uploads\/2026\/02\/icon-mail-fb.png\" alt=\"Website icon\" border=\"0\" data-imagetype=\"External\" data-ogsc=\"\" \/><\/span><\/td>\n<td><span data-ogsc=\"rgb(67, 67, 67)\"><a title=\"https:\/\/www.facebook.com\/profile.php?id=61582893337197\" href=\"https:\/\/www.facebook.com\/profile.php?id=61582893337197\" target=\"_blank\" rel=\"noopener noreferrer\" data-auth=\"NotApplicable\" data-linkindex=\"2\" data-ogsc=\"\">Odwied\u017a nasz profil na FB<\/a><\/span><\/td>\n<\/tr>\n<\/tbody>\n<\/table>\n<\/td>\n<\/tr>\n<\/tbody>\n<\/table>\n<\/td>\n<\/tr>\n<tr>\n<td><b><span data-ogsc=\"rgb(34, 34, 34)\">Fundacja Wsp\u00f3lnie Dla Sprawy<\/span><\/b><\/td>\n<\/tr>\n<tr>\n<td>\n<table border=\"0\" cellspacing=\"0\" cellpadding=\"0\">\n<tbody>\n<tr>\n<td><span data-ogsc=\"rgb(67, 67, 67)\">ul. Cztery Pory Roku 1\/4, 71-806 Szczecin<\/span><\/td>\n<\/tr>\n<\/tbody>\n<\/table>\n<\/td>\n<\/tr>\n<tr>\n<td><span data-ogsc=\"black\"><img decoding=\"async\" id=\"x__x0000_i1025\" class=\"bCDJk\" src=\"https:\/\/wellbefi.pl\/wp-content\/uploads\/2026\/02\/icon-mail-logo.png\" alt=\"WDS logo\" border=\"0\" data-imagetype=\"External\" data-ogsc=\"\" \/><\/span><\/td>\n<\/tr>\n<\/tbody>\n<\/table>\n<\/td>\n<\/tr>\n<tr>\n<td><span data-ogsc=\"rgb(67, 67, 67)\">Niniejsza wiadomo\u015b\u0107 e-mail zawiera Pa\u0144stwa dane osobowe, kt\u00f3re s\u0105 przetwarzane zgodnie\u00a0z przepisami Rozporz\u0105dzenia Og\u00f3lnego o Ochronie Danych Osobowych (RODO). Administratorem danych jest Fundacja Wsp\u00f3lnie dla sprawy z siedzib\u0105 pod adresem ul. Cztery pory roku 1\/4, 71-806 w Szczecinie. Dane osobowe s\u0105 przetwarzane w celu odpowiedzi na Pa\u0144stwa zapytanie lub prowadzenia dalszej korespondencji. Maj\u0105 Pa\u0144stwo prawo dost\u0119pu do swoich danych, ich sprostowania, usuni\u0119cia, cofni\u0119cia zgody lub ograniczenia przetwarzania oraz wniesienia skargi do organu nadzorczego. Dane b\u0119d\u0105 przechowywane przez okres niezb\u0119dny do prowadzenia korespondencji. Je\u015bli nie jeste\u015b zamierzonym odbiorc\u0105 tej wiadomo\u015bci, prosimy o niezw\u0142oczne jej usuni\u0119cie.<\/span><\/td>\n<\/tr>\n<\/tbody>\n<\/table>\n<\/div>\n<\/div>\n<\/div>\n<\/div>\n<\/div>\n<\/div>\n<\/div>\n<\/div>\n<p>[\/vc_wp_text][\/vc_column][\/vc_row]<\/p>\n<\/div>","protected":false},"excerpt":{"rendered":"<p>[vc_row][vc_column][vc_wp_text] &#8222;Czasem zastanawiasz si\u0119, czy Twoje dziecko zachowuje si\u0119 \u201cprawid\u0142owo&#8221;? To normalne. Por\u00f3wnywanie z r\u00f3wie\u015bnikami, sprzeczne informacje i presja otoczenia mog\u0105 budzi\u0107 niepok\u00f3j.\u00a0Dlatego podczas Live Sesji w ramach Wellbefi Zdalny [&hellip;]<\/p>\n","protected":false},"author":133,"featured_media":0,"comment_status":"closed","ping_status":"open","sticky":false,"template":"","format":"standard","meta":{"ngg_post_thumbnail":0,"footnotes":""},"categories":[9],"tags":[],"class_list":["post-8601","post","type-post","status-publish","format-standard","hentry","category-aktualnosci","clearfix"],"_links":{"self":[{"href":"https:\/\/przedszkole99.edu.wroclaw.pl\/index.php\/wp-json\/wp\/v2\/posts\/8601","targetHints":{"allow":["GET"]}}],"collection":[{"href":"https:\/\/przedszkole99.edu.wroclaw.pl\/index.php\/wp-json\/wp\/v2\/posts"}],"about":[{"href":"https:\/\/przedszkole99.edu.wroclaw.pl\/index.php\/wp-json\/wp\/v2\/types\/post"}],"author":[{"embeddable":true,"href":"https:\/\/przedszkole99.edu.wroclaw.pl\/index.php\/wp-json\/wp\/v2\/users\/133"}],"replies":[{"embeddable":true,"href":"https:\/\/przedszkole99.edu.wroclaw.pl\/index.php\/wp-json\/wp\/v2\/comments?post=8601"}],"version-history":[{"count":1,"href":"https:\/\/przedszkole99.edu.wroclaw.pl\/index.php\/wp-json\/wp\/v2\/posts\/8601\/revisions"}],"predecessor-version":[{"id":8602,"href":"https:\/\/przedszkole99.edu.wroclaw.pl\/index.php\/wp-json\/wp\/v2\/posts\/8601\/revisions\/8602"}],"wp:attachment":[{"href":"https:\/\/przedszkole99.edu.wroclaw.pl\/index.php\/wp-json\/wp\/v2\/media?parent=8601"}],"wp:term":[{"taxonomy":"category","embeddable":true,"href":"https:\/\/przedszkole99.edu.wroclaw.pl\/index.php\/wp-json\/wp\/v2\/categories?post=8601"},{"taxonomy":"post_tag","embeddable":true,"href":"https:\/\/przedszkole99.edu.wroclaw.pl\/index.php\/wp-json\/wp\/v2\/tags?post=8601"}],"curies":[{"name":"wp","href":"https:\/\/api.w.org\/{rel}","templated":true}]}}