
{"id":6742,"date":"2023-03-16T14:38:45","date_gmt":"2023-03-16T13:38:45","guid":{"rendered":"https:\/\/przedszkole99.edu.wroclaw.pl\/?p=6742"},"modified":"2023-03-17T11:04:40","modified_gmt":"2023-03-17T10:04:40","slug":"rekrutacja-2023-2024","status":"publish","type":"post","link":"https:\/\/przedszkole99.edu.wroclaw.pl\/index.php\/2023\/03\/16\/rekrutacja-2023-2024\/","title":{"rendered":"REKRUTACJA 2023\/2024-Materia\u0142y informacyjne dla rodzic\u00f3w"},"content":{"rendered":"<div class=\"wpb-content-wrapper\"><p>[vc_row][vc_column][vc_wp_text]<\/p>\n<p style=\"text-align: center\"><strong>REKRUTACJA 2023\/2024<\/strong><\/p>\n<p><em><strong>W ZWI\u0104ZKU ZE ZBLI\u017bAJ\u0104C\u0104 SI\u0118 REKRUTACJ\u0104 DO PUBLICZNYCH PRZEDSZKOLI,<\/strong><\/em><\/p>\n<p><em><strong> ZAMIESZCZAMY INFORMACJE POTRZEBNE DO W\u0141A\u015aCIWEGO <\/strong><\/em><\/p>\n<p><em><strong>PRZEPROWADZENIA TEGO PROCESU.<\/strong><\/em><\/p>\n<p>&nbsp;<\/p>\n<p>&nbsp;<\/p>\n<p><a href=\"https:\/\/przedszkole99.edu.wroclaw.pl\/wp-content\/uploads\/sites\/14\/2023\/03\/KRYTERIA-MIEJSKIE.png\"><img loading=\"lazy\" decoding=\"async\" class=\"alignnone size-medium wp-image-6766\" src=\"https:\/\/przedszkole99.edu.wroclaw.pl\/wp-content\/uploads\/sites\/14\/2023\/03\/KRYTERIA-MIEJSKIE-220x300.png\" alt=\"\" width=\"220\" height=\"300\" srcset=\"https:\/\/przedszkole99.edu.wroclaw.pl\/wp-content\/uploads\/sites\/14\/2023\/03\/KRYTERIA-MIEJSKIE-220x300.png 220w, https:\/\/przedszkole99.edu.wroclaw.pl\/wp-content\/uploads\/sites\/14\/2023\/03\/KRYTERIA-MIEJSKIE-752x1024.png 752w, https:\/\/przedszkole99.edu.wroclaw.pl\/wp-content\/uploads\/sites\/14\/2023\/03\/KRYTERIA-MIEJSKIE-768x1045.png 768w, https:\/\/przedszkole99.edu.wroclaw.pl\/wp-content\/uploads\/sites\/14\/2023\/03\/KRYTERIA-MIEJSKIE-600x817.png 600w, https:\/\/przedszkole99.edu.wroclaw.pl\/wp-content\/uploads\/sites\/14\/2023\/03\/KRYTERIA-MIEJSKIE-1129x1536.png 1129w, https:\/\/przedszkole99.edu.wroclaw.pl\/wp-content\/uploads\/sites\/14\/2023\/03\/KRYTERIA-MIEJSKIE-1505x2048.png 1505w, https:\/\/przedszkole99.edu.wroclaw.pl\/wp-content\/uploads\/sites\/14\/2023\/03\/KRYTERIA-MIEJSKIE.png 1743w\" sizes=\"auto, (max-width: 220px) 100vw, 220px\" \/><\/a><a href=\"https:\/\/przedszkole99.edu.wroclaw.pl\/wp-content\/uploads\/sites\/14\/2023\/03\/DZIECI-O-SPECJALNYCH-POTRZEBACH-2.png\"><img loading=\"lazy\" decoding=\"async\" class=\"alignnone size-medium wp-image-6765\" src=\"https:\/\/przedszkole99.edu.wroclaw.pl\/wp-content\/uploads\/sites\/14\/2023\/03\/DZIECI-O-SPECJALNYCH-POTRZEBACH-2-211x300.png\" alt=\"\" width=\"211\" height=\"300\" srcset=\"https:\/\/przedszkole99.edu.wroclaw.pl\/wp-content\/uploads\/sites\/14\/2023\/03\/DZIECI-O-SPECJALNYCH-POTRZEBACH-2-211x300.png 211w, https:\/\/przedszkole99.edu.wroclaw.pl\/wp-content\/uploads\/sites\/14\/2023\/03\/DZIECI-O-SPECJALNYCH-POTRZEBACH-2-722x1024.png 722w, https:\/\/przedszkole99.edu.wroclaw.pl\/wp-content\/uploads\/sites\/14\/2023\/03\/DZIECI-O-SPECJALNYCH-POTRZEBACH-2-768x1089.png 768w, https:\/\/przedszkole99.edu.wroclaw.pl\/wp-content\/uploads\/sites\/14\/2023\/03\/DZIECI-O-SPECJALNYCH-POTRZEBACH-2-600x851.png 600w, https:\/\/przedszkole99.edu.wroclaw.pl\/wp-content\/uploads\/sites\/14\/2023\/03\/DZIECI-O-SPECJALNYCH-POTRZEBACH-2-1083x1536.png 1083w, https:\/\/przedszkole99.edu.wroclaw.pl\/wp-content\/uploads\/sites\/14\/2023\/03\/DZIECI-O-SPECJALNYCH-POTRZEBACH-2.png 1166w\" sizes=\"auto, (max-width: 211px) 100vw, 211px\" \/><\/a><a href=\"https:\/\/przedszkole99.edu.wroclaw.pl\/wp-content\/uploads\/sites\/14\/2023\/03\/PROCEDURA-ODWOLAWCZA.png\"><img loading=\"lazy\" decoding=\"async\" class=\"alignnone size-medium wp-image-6764\" src=\"https:\/\/przedszkole99.edu.wroclaw.pl\/wp-content\/uploads\/sites\/14\/2023\/03\/PROCEDURA-ODWOLAWCZA-212x300.png\" alt=\"\" width=\"212\" height=\"300\" srcset=\"https:\/\/przedszkole99.edu.wroclaw.pl\/wp-content\/uploads\/sites\/14\/2023\/03\/PROCEDURA-ODWOLAWCZA-212x300.png 212w, https:\/\/przedszkole99.edu.wroclaw.pl\/wp-content\/uploads\/sites\/14\/2023\/03\/PROCEDURA-ODWOLAWCZA-722x1024.png 722w, https:\/\/przedszkole99.edu.wroclaw.pl\/wp-content\/uploads\/sites\/14\/2023\/03\/PROCEDURA-ODWOLAWCZA-768x1089.png 768w, https:\/\/przedszkole99.edu.wroclaw.pl\/wp-content\/uploads\/sites\/14\/2023\/03\/PROCEDURA-ODWOLAWCZA-600x851.png 600w, https:\/\/przedszkole99.edu.wroclaw.pl\/wp-content\/uploads\/sites\/14\/2023\/03\/PROCEDURA-ODWOLAWCZA-1083x1536.png 1083w, https:\/\/przedszkole99.edu.wroclaw.pl\/wp-content\/uploads\/sites\/14\/2023\/03\/PROCEDURA-ODWOLAWCZA-1444x2048.png 1444w, https:\/\/przedszkole99.edu.wroclaw.pl\/wp-content\/uploads\/sites\/14\/2023\/03\/PROCEDURA-ODWOLAWCZA.png 1750w\" sizes=\"auto, (max-width: 212px) 100vw, 212px\" \/><\/a><a href=\"https:\/\/przedszkole99.edu.wroclaw.pl\/wp-content\/uploads\/sites\/14\/2023\/03\/poster_1_ver1__photo2-kopia-2-scaled.jpg\"><img loading=\"lazy\" decoding=\"async\" class=\"alignnone size-medium wp-image-6763\" src=\"https:\/\/przedszkole99.edu.wroclaw.pl\/wp-content\/uploads\/sites\/14\/2023\/03\/poster_1_ver1__photo2-kopia-2-212x300.jpg\" alt=\"\" width=\"212\" height=\"300\" srcset=\"https:\/\/przedszkole99.edu.wroclaw.pl\/wp-content\/uploads\/sites\/14\/2023\/03\/poster_1_ver1__photo2-kopia-2-212x300.jpg 212w, https:\/\/przedszkole99.edu.wroclaw.pl\/wp-content\/uploads\/sites\/14\/2023\/03\/poster_1_ver1__photo2-kopia-2-723x1024.jpg 723w, https:\/\/przedszkole99.edu.wroclaw.pl\/wp-content\/uploads\/sites\/14\/2023\/03\/poster_1_ver1__photo2-kopia-2-768x1087.jpg 768w, https:\/\/przedszkole99.edu.wroclaw.pl\/wp-content\/uploads\/sites\/14\/2023\/03\/poster_1_ver1__photo2-kopia-2-600x850.jpg 600w, https:\/\/przedszkole99.edu.wroclaw.pl\/wp-content\/uploads\/sites\/14\/2023\/03\/poster_1_ver1__photo2-kopia-2-1085x1536.jpg 1085w, https:\/\/przedszkole99.edu.wroclaw.pl\/wp-content\/uploads\/sites\/14\/2023\/03\/poster_1_ver1__photo2-kopia-2-1446x2048.jpg 1446w, https:\/\/przedszkole99.edu.wroclaw.pl\/wp-content\/uploads\/sites\/14\/2023\/03\/poster_1_ver1__photo2-kopia-2-scaled.jpg 1808w\" sizes=\"auto, (max-width: 212px) 100vw, 212px\" \/><\/a><a href=\"https:\/\/przedszkole99.edu.wroclaw.pl\/wp-content\/uploads\/sites\/14\/2023\/03\/KRYTERIA-USTAWOWE.png\"><img loading=\"lazy\" decoding=\"async\" class=\"alignnone size-medium wp-image-6762\" src=\"https:\/\/przedszkole99.edu.wroclaw.pl\/wp-content\/uploads\/sites\/14\/2023\/03\/KRYTERIA-USTAWOWE-211x300.png\" alt=\"\" width=\"211\" height=\"300\" srcset=\"https:\/\/przedszkole99.edu.wroclaw.pl\/wp-content\/uploads\/sites\/14\/2023\/03\/KRYTERIA-USTAWOWE-211x300.png 211w, https:\/\/przedszkole99.edu.wroclaw.pl\/wp-content\/uploads\/sites\/14\/2023\/03\/KRYTERIA-USTAWOWE-722x1024.png 722w, https:\/\/przedszkole99.edu.wroclaw.pl\/wp-content\/uploads\/sites\/14\/2023\/03\/KRYTERIA-USTAWOWE-768x1089.png 768w, https:\/\/przedszkole99.edu.wroclaw.pl\/wp-content\/uploads\/sites\/14\/2023\/03\/KRYTERIA-USTAWOWE-600x851.png 600w, https:\/\/przedszkole99.edu.wroclaw.pl\/wp-content\/uploads\/sites\/14\/2023\/03\/KRYTERIA-USTAWOWE-1083x1536.png 1083w, https:\/\/przedszkole99.edu.wroclaw.pl\/wp-content\/uploads\/sites\/14\/2023\/03\/KRYTERIA-USTAWOWE.png 1166w\" sizes=\"auto, (max-width: 211px) 100vw, 211px\" \/><\/a><a href=\"https:\/\/przedszkole99.edu.wroclaw.pl\/wp-content\/uploads\/sites\/14\/2023\/03\/WYNIKI.png\"><img loading=\"lazy\" decoding=\"async\" class=\"alignnone size-medium wp-image-6760\" src=\"https:\/\/przedszkole99.edu.wroclaw.pl\/wp-content\/uploads\/sites\/14\/2023\/03\/WYNIKI-240x300.png\" alt=\"\" width=\"240\" height=\"300\" srcset=\"https:\/\/przedszkole99.edu.wroclaw.pl\/wp-content\/uploads\/sites\/14\/2023\/03\/WYNIKI-240x300.png 240w, https:\/\/przedszkole99.edu.wroclaw.pl\/wp-content\/uploads\/sites\/14\/2023\/03\/WYNIKI-820x1024.png 820w, https:\/\/przedszkole99.edu.wroclaw.pl\/wp-content\/uploads\/sites\/14\/2023\/03\/WYNIKI-768x959.png 768w, https:\/\/przedszkole99.edu.wroclaw.pl\/wp-content\/uploads\/sites\/14\/2023\/03\/WYNIKI-600x749.png 600w, https:\/\/przedszkole99.edu.wroclaw.pl\/wp-content\/uploads\/sites\/14\/2023\/03\/WYNIKI-1230x1536.png 1230w, https:\/\/przedszkole99.edu.wroclaw.pl\/wp-content\/uploads\/sites\/14\/2023\/03\/WYNIKI-1640x2048.png 1640w, https:\/\/przedszkole99.edu.wroclaw.pl\/wp-content\/uploads\/sites\/14\/2023\/03\/WYNIKI.png 1994w\" sizes=\"auto, (max-width: 240px) 100vw, 240px\" \/><\/a><a href=\"https:\/\/przedszkole99.edu.wroclaw.pl\/wp-content\/uploads\/sites\/14\/2023\/03\/UDZIAL.png\"><img loading=\"lazy\" decoding=\"async\" class=\"alignnone size-medium wp-image-6759\" src=\"https:\/\/przedszkole99.edu.wroclaw.pl\/wp-content\/uploads\/sites\/14\/2023\/03\/UDZIAL-212x300.png\" alt=\"\" width=\"212\" height=\"300\" srcset=\"https:\/\/przedszkole99.edu.wroclaw.pl\/wp-content\/uploads\/sites\/14\/2023\/03\/UDZIAL-212x300.png 212w, https:\/\/przedszkole99.edu.wroclaw.pl\/wp-content\/uploads\/sites\/14\/2023\/03\/UDZIAL-722x1024.png 722w, https:\/\/przedszkole99.edu.wroclaw.pl\/wp-content\/uploads\/sites\/14\/2023\/03\/UDZIAL-768x1089.png 768w, https:\/\/przedszkole99.edu.wroclaw.pl\/wp-content\/uploads\/sites\/14\/2023\/03\/UDZIAL-600x851.png 600w, https:\/\/przedszkole99.edu.wroclaw.pl\/wp-content\/uploads\/sites\/14\/2023\/03\/UDZIAL-1083x1536.png 1083w, https:\/\/przedszkole99.edu.wroclaw.pl\/wp-content\/uploads\/sites\/14\/2023\/03\/UDZIAL-1444x2048.png 1444w, https:\/\/przedszkole99.edu.wroclaw.pl\/wp-content\/uploads\/sites\/14\/2023\/03\/UDZIAL.png 1750w\" sizes=\"auto, (max-width: 212px) 100vw, 212px\" \/><\/a><a href=\"https:\/\/przedszkole99.edu.wroclaw.pl\/wp-content\/uploads\/sites\/14\/2023\/03\/SCHEMAT-REKRUTACJI.png\"><img loading=\"lazy\" decoding=\"async\" class=\"alignnone size-medium wp-image-6758\" src=\"https:\/\/przedszkole99.edu.wroclaw.pl\/wp-content\/uploads\/sites\/14\/2023\/03\/SCHEMAT-REKRUTACJI-211x300.png\" alt=\"\" width=\"211\" height=\"300\" srcset=\"https:\/\/przedszkole99.edu.wroclaw.pl\/wp-content\/uploads\/sites\/14\/2023\/03\/SCHEMAT-REKRUTACJI-211x300.png 211w, https:\/\/przedszkole99.edu.wroclaw.pl\/wp-content\/uploads\/sites\/14\/2023\/03\/SCHEMAT-REKRUTACJI-722x1024.png 722w, https:\/\/przedszkole99.edu.wroclaw.pl\/wp-content\/uploads\/sites\/14\/2023\/03\/SCHEMAT-REKRUTACJI-768x1089.png 768w, https:\/\/przedszkole99.edu.wroclaw.pl\/wp-content\/uploads\/sites\/14\/2023\/03\/SCHEMAT-REKRUTACJI-600x851.png 600w, https:\/\/przedszkole99.edu.wroclaw.pl\/wp-content\/uploads\/sites\/14\/2023\/03\/SCHEMAT-REKRUTACJI-1083x1536.png 1083w, https:\/\/przedszkole99.edu.wroclaw.pl\/wp-content\/uploads\/sites\/14\/2023\/03\/SCHEMAT-REKRUTACJI.png 1166w\" sizes=\"auto, (max-width: 211px) 100vw, 211px\" \/><\/a><a href=\"https:\/\/przedszkole99.edu.wroclaw.pl\/wp-content\/uploads\/sites\/14\/2023\/03\/DZIECI-O-SPECJALNYCH-POTRZEBACH-1.png\"><img loading=\"lazy\" decoding=\"async\" class=\"alignnone size-medium wp-image-6757\" src=\"https:\/\/przedszkole99.edu.wroclaw.pl\/wp-content\/uploads\/sites\/14\/2023\/03\/DZIECI-O-SPECJALNYCH-POTRZEBACH-1-211x300.png\" alt=\"\" width=\"211\" height=\"300\" srcset=\"https:\/\/przedszkole99.edu.wroclaw.pl\/wp-content\/uploads\/sites\/14\/2023\/03\/DZIECI-O-SPECJALNYCH-POTRZEBACH-1-211x300.png 211w, https:\/\/przedszkole99.edu.wroclaw.pl\/wp-content\/uploads\/sites\/14\/2023\/03\/DZIECI-O-SPECJALNYCH-POTRZEBACH-1-722x1024.png 722w, https:\/\/przedszkole99.edu.wroclaw.pl\/wp-content\/uploads\/sites\/14\/2023\/03\/DZIECI-O-SPECJALNYCH-POTRZEBACH-1-768x1089.png 768w, https:\/\/przedszkole99.edu.wroclaw.pl\/wp-content\/uploads\/sites\/14\/2023\/03\/DZIECI-O-SPECJALNYCH-POTRZEBACH-1-600x851.png 600w, https:\/\/przedszkole99.edu.wroclaw.pl\/wp-content\/uploads\/sites\/14\/2023\/03\/DZIECI-O-SPECJALNYCH-POTRZEBACH-1-1083x1536.png 1083w, https:\/\/przedszkole99.edu.wroclaw.pl\/wp-content\/uploads\/sites\/14\/2023\/03\/DZIECI-O-SPECJALNYCH-POTRZEBACH-1.png 1166w\" sizes=\"auto, (max-width: 211px) 100vw, 211px\" \/><\/a>[\/vc_wp_text][\/vc_column][\/vc_row]<\/p>\n<\/div>","protected":false},"excerpt":{"rendered":"<p>[vc_row][vc_column][vc_wp_text] REKRUTACJA 2023\/2024 W ZWI\u0104ZKU ZE ZBLI\u017bAJ\u0104C\u0104 SI\u0118 REKRUTACJ\u0104 DO PUBLICZNYCH PRZEDSZKOLI, ZAMIESZCZAMY INFORMACJE POTRZEBNE DO W\u0141A\u015aCIWEGO PRZEPROWADZENIA TEGO PROCESU. &nbsp; &nbsp; [\/vc_wp_text][\/vc_column][\/vc_row]<\/p>\n","protected":false},"author":133,"featured_media":0,"comment_status":"closed","ping_status":"open","sticky":false,"template":"","format":"standard","meta":{"ngg_post_thumbnail":0,"footnotes":""},"categories":[9],"tags":[],"class_list":["post-6742","post","type-post","status-publish","format-standard","hentry","category-aktualnosci","clearfix"],"_links":{"self":[{"href":"https:\/\/przedszkole99.edu.wroclaw.pl\/index.php\/wp-json\/wp\/v2\/posts\/6742","targetHints":{"allow":["GET"]}}],"collection":[{"href":"https:\/\/przedszkole99.edu.wroclaw.pl\/index.php\/wp-json\/wp\/v2\/posts"}],"about":[{"href":"https:\/\/przedszkole99.edu.wroclaw.pl\/index.php\/wp-json\/wp\/v2\/types\/post"}],"author":[{"embeddable":true,"href":"https:\/\/przedszkole99.edu.wroclaw.pl\/index.php\/wp-json\/wp\/v2\/users\/133"}],"replies":[{"embeddable":true,"href":"https:\/\/przedszkole99.edu.wroclaw.pl\/index.php\/wp-json\/wp\/v2\/comments?post=6742"}],"version-history":[{"count":6,"href":"https:\/\/przedszkole99.edu.wroclaw.pl\/index.php\/wp-json\/wp\/v2\/posts\/6742\/revisions"}],"predecessor-version":[{"id":6769,"href":"https:\/\/przedszkole99.edu.wroclaw.pl\/index.php\/wp-json\/wp\/v2\/posts\/6742\/revisions\/6769"}],"wp:attachment":[{"href":"https:\/\/przedszkole99.edu.wroclaw.pl\/index.php\/wp-json\/wp\/v2\/media?parent=6742"}],"wp:term":[{"taxonomy":"category","embeddable":true,"href":"https:\/\/przedszkole99.edu.wroclaw.pl\/index.php\/wp-json\/wp\/v2\/categories?post=6742"},{"taxonomy":"post_tag","embeddable":true,"href":"https:\/\/przedszkole99.edu.wroclaw.pl\/index.php\/wp-json\/wp\/v2\/tags?post=6742"}],"curies":[{"name":"wp","href":"https:\/\/api.w.org\/{rel}","templated":true}]}}