
{"id":6723,"date":"2023-03-14T12:11:30","date_gmt":"2023-03-14T11:11:30","guid":{"rendered":"https:\/\/przedszkole99.edu.wroclaw.pl\/?p=6723"},"modified":"2023-03-14T12:11:30","modified_gmt":"2023-03-14T11:11:30","slug":"zimowa-olimpiada-sportowa-pozegnanie-zimy","status":"publish","type":"post","link":"https:\/\/przedszkole99.edu.wroclaw.pl\/index.php\/2023\/03\/14\/zimowa-olimpiada-sportowa-pozegnanie-zimy\/","title":{"rendered":"Zimowa Olimpiada Sportowa- po\u017cegnanie zimy"},"content":{"rendered":"<div class=\"wpb-content-wrapper\"><p>[vc_row][vc_column][vc_wp_text]Zimowa Olimpiada Sportowa<\/p>\n<p>Zapraszamy wszystkie dzieci z naszego przedszkola na zimowa olimpiad\u0119 sportow\u0105,<\/p>\n<p>kt\u00f3ra odb\u0119dzie si\u0119 w dniu 16.03(czwartek).<\/p>\n<p>B\u0118DZIEMY \u017bEGNA\u0106 SI\u0118 Z ZIM\u0104&#x2603;&#xfe0f;<\/p>\n<p>Czeka\u0107 b\u0119d\u0105 na was drogie dzieci: zabawy sportowe,plastyczne i wiele innych atrakcji..<\/p>\n<p>PROSIMY O SPORTOWY STR\u00d3J<\/p>\n<p>*Ze wzgl\u0119du na niesprzyjaj\u0105c\u0105\u00a0 aur\u0119 olimpiada odb\u0119dzie si\u0119 w grupach na terenie plac\u00f3wki.[\/vc_wp_text][\/vc_column][\/vc_row]<\/p>\n<\/div>","protected":false},"excerpt":{"rendered":"<p>[vc_row][vc_column][vc_wp_text]Zimowa Olimpiada Sportowa Zapraszamy wszystkie dzieci z naszego przedszkola na zimowa olimpiad\u0119 sportow\u0105, kt\u00f3ra odb\u0119dzie si\u0119 w dniu 16.03(czwartek). B\u0118DZIEMY \u017bEGNA\u0106 SI\u0118 Z ZIM\u0104&#x2603;&#xfe0f; Czeka\u0107 b\u0119d\u0105 na was drogie dzieci: [&hellip;]<\/p>\n","protected":false},"author":133,"featured_media":0,"comment_status":"closed","ping_status":"open","sticky":false,"template":"","format":"standard","meta":{"ngg_post_thumbnail":0,"footnotes":""},"categories":[9],"tags":[],"class_list":["post-6723","post","type-post","status-publish","format-standard","hentry","category-aktualnosci","clearfix"],"_links":{"self":[{"href":"https:\/\/przedszkole99.edu.wroclaw.pl\/index.php\/wp-json\/wp\/v2\/posts\/6723","targetHints":{"allow":["GET"]}}],"collection":[{"href":"https:\/\/przedszkole99.edu.wroclaw.pl\/index.php\/wp-json\/wp\/v2\/posts"}],"about":[{"href":"https:\/\/przedszkole99.edu.wroclaw.pl\/index.php\/wp-json\/wp\/v2\/types\/post"}],"author":[{"embeddable":true,"href":"https:\/\/przedszkole99.edu.wroclaw.pl\/index.php\/wp-json\/wp\/v2\/users\/133"}],"replies":[{"embeddable":true,"href":"https:\/\/przedszkole99.edu.wroclaw.pl\/index.php\/wp-json\/wp\/v2\/comments?post=6723"}],"version-history":[{"count":1,"href":"https:\/\/przedszkole99.edu.wroclaw.pl\/index.php\/wp-json\/wp\/v2\/posts\/6723\/revisions"}],"predecessor-version":[{"id":6724,"href":"https:\/\/przedszkole99.edu.wroclaw.pl\/index.php\/wp-json\/wp\/v2\/posts\/6723\/revisions\/6724"}],"wp:attachment":[{"href":"https:\/\/przedszkole99.edu.wroclaw.pl\/index.php\/wp-json\/wp\/v2\/media?parent=6723"}],"wp:term":[{"taxonomy":"category","embeddable":true,"href":"https:\/\/przedszkole99.edu.wroclaw.pl\/index.php\/wp-json\/wp\/v2\/categories?post=6723"},{"taxonomy":"post_tag","embeddable":true,"href":"https:\/\/przedszkole99.edu.wroclaw.pl\/index.php\/wp-json\/wp\/v2\/tags?post=6723"}],"curies":[{"name":"wp","href":"https:\/\/api.w.org\/{rel}","templated":true}]}}