
{"id":6696,"date":"2023-03-09T07:41:31","date_gmt":"2023-03-09T06:41:31","guid":{"rendered":"https:\/\/przedszkole99.edu.wroclaw.pl\/?p=6696"},"modified":"2023-03-09T07:57:00","modified_gmt":"2023-03-09T06:57:00","slug":"teatrzyk-ekologiczny-pt-wielkie-sprawy-malej-zaby","status":"publish","type":"post","link":"https:\/\/przedszkole99.edu.wroclaw.pl\/index.php\/2023\/03\/09\/teatrzyk-ekologiczny-pt-wielkie-sprawy-malej-zaby\/","title":{"rendered":"Teatrzyk ekologiczny pt. &#8221; Wielkie sprawy ma\u0142ej \u017caby&#8221;"},"content":{"rendered":"<div class=\"wpb-content-wrapper\"><p>[vc_row][vc_column][vc_wp_text]Dnia 7.03.2023 nasze przedszkole\u00a0 odwiedzi\u0142 Teatr Lalek\u00a0 Bajka z przedstawieniem &#8222;Wielkie sprawy ma\u0142ej \u017caby&#8221;. G\u0142\u00f3wnym celem by\u0142o kszta\u0142towanie w\u0142a\u015bciwej postawy do przyrody, \u015brodowiska, ekologii oraz tolerancji wobec odmiennych osobowo\u015bci i wygl\u0105du.<\/p>\n<p><a href=\"https:\/\/przedszkole99.edu.wroclaw.pl\/wp-content\/uploads\/sites\/14\/2023\/03\/teatr-scaled.jpg\"><img loading=\"lazy\" decoding=\"async\" class=\"alignnone size-medium wp-image-6698\" src=\"https:\/\/przedszkole99.edu.wroclaw.pl\/wp-content\/uploads\/sites\/14\/2023\/03\/teatr-287x300.jpg\" alt=\"\" width=\"287\" height=\"300\" srcset=\"https:\/\/przedszkole99.edu.wroclaw.pl\/wp-content\/uploads\/sites\/14\/2023\/03\/teatr-287x300.jpg 287w, https:\/\/przedszkole99.edu.wroclaw.pl\/wp-content\/uploads\/sites\/14\/2023\/03\/teatr-980x1024.jpg 980w, https:\/\/przedszkole99.edu.wroclaw.pl\/wp-content\/uploads\/sites\/14\/2023\/03\/teatr-768x803.jpg 768w, https:\/\/przedszkole99.edu.wroclaw.pl\/wp-content\/uploads\/sites\/14\/2023\/03\/teatr-600x627.jpg 600w, https:\/\/przedszkole99.edu.wroclaw.pl\/wp-content\/uploads\/sites\/14\/2023\/03\/teatr-1469x1536.jpg 1469w, https:\/\/przedszkole99.edu.wroclaw.pl\/wp-content\/uploads\/sites\/14\/2023\/03\/teatr-1959x2048.jpg 1959w\" sizes=\"auto, (max-width: 287px) 100vw, 287px\" \/><\/a>[\/vc_wp_text][\/vc_column][\/vc_row]<\/p>\n<\/div>","protected":false},"excerpt":{"rendered":"<p>[vc_row][vc_column][vc_wp_text]Dnia 7.03.2023 nasze przedszkole\u00a0 odwiedzi\u0142 Teatr Lalek\u00a0 Bajka z przedstawieniem &#8222;Wielkie sprawy ma\u0142ej \u017caby&#8221;. G\u0142\u00f3wnym celem by\u0142o kszta\u0142towanie w\u0142a\u015bciwej postawy do przyrody, \u015brodowiska, ekologii oraz tolerancji wobec odmiennych osobowo\u015bci i [&hellip;]<\/p>\n","protected":false},"author":133,"featured_media":0,"comment_status":"closed","ping_status":"open","sticky":false,"template":"","format":"standard","meta":{"ngg_post_thumbnail":0,"footnotes":""},"categories":[9],"tags":[],"class_list":["post-6696","post","type-post","status-publish","format-standard","hentry","category-aktualnosci","clearfix"],"_links":{"self":[{"href":"https:\/\/przedszkole99.edu.wroclaw.pl\/index.php\/wp-json\/wp\/v2\/posts\/6696","targetHints":{"allow":["GET"]}}],"collection":[{"href":"https:\/\/przedszkole99.edu.wroclaw.pl\/index.php\/wp-json\/wp\/v2\/posts"}],"about":[{"href":"https:\/\/przedszkole99.edu.wroclaw.pl\/index.php\/wp-json\/wp\/v2\/types\/post"}],"author":[{"embeddable":true,"href":"https:\/\/przedszkole99.edu.wroclaw.pl\/index.php\/wp-json\/wp\/v2\/users\/133"}],"replies":[{"embeddable":true,"href":"https:\/\/przedszkole99.edu.wroclaw.pl\/index.php\/wp-json\/wp\/v2\/comments?post=6696"}],"version-history":[{"count":2,"href":"https:\/\/przedszkole99.edu.wroclaw.pl\/index.php\/wp-json\/wp\/v2\/posts\/6696\/revisions"}],"predecessor-version":[{"id":6699,"href":"https:\/\/przedszkole99.edu.wroclaw.pl\/index.php\/wp-json\/wp\/v2\/posts\/6696\/revisions\/6699"}],"wp:attachment":[{"href":"https:\/\/przedszkole99.edu.wroclaw.pl\/index.php\/wp-json\/wp\/v2\/media?parent=6696"}],"wp:term":[{"taxonomy":"category","embeddable":true,"href":"https:\/\/przedszkole99.edu.wroclaw.pl\/index.php\/wp-json\/wp\/v2\/categories?post=6696"},{"taxonomy":"post_tag","embeddable":true,"href":"https:\/\/przedszkole99.edu.wroclaw.pl\/index.php\/wp-json\/wp\/v2\/tags?post=6696"}],"curies":[{"name":"wp","href":"https:\/\/api.w.org\/{rel}","templated":true}]}}