
{"id":6192,"date":"2022-06-29T14:02:33","date_gmt":"2022-06-29T12:02:33","guid":{"rendered":"https:\/\/przedszkole99.edu.wroclaw.pl\/?p=6192"},"modified":"2022-06-29T14:02:33","modified_gmt":"2022-06-29T12:02:33","slug":"zyczymy-wszystkim-wspanialych-wakacji-przypominamy-ze-przerwa-wakacyjna-w-tym-roku-jest-w-lipcu","status":"publish","type":"post","link":"https:\/\/przedszkole99.edu.wroclaw.pl\/index.php\/2022\/06\/29\/zyczymy-wszystkim-wspanialych-wakacji-przypominamy-ze-przerwa-wakacyjna-w-tym-roku-jest-w-lipcu\/","title":{"rendered":"\u017byczymy wszystkim wspania\u0142ych wakacji.Przypominamy, \u017ce przerwa wakacyjna w tym roku jest w lipcu."},"content":{"rendered":"<div class=\"wpb-content-wrapper\"><p>[vc_row][vc_column][vc_wp_text]<a href=\"https:\/\/przedszkole99.edu.wroclaw.pl\/wp-content\/uploads\/sites\/14\/2022\/06\/wakacje.jpg\"><img loading=\"lazy\" decoding=\"async\" class=\"alignnone size-medium wp-image-6193\" src=\"https:\/\/przedszkole99.edu.wroclaw.pl\/wp-content\/uploads\/sites\/14\/2022\/06\/wakacje-300x200.jpg\" alt=\"\" width=\"300\" height=\"200\" srcset=\"https:\/\/przedszkole99.edu.wroclaw.pl\/wp-content\/uploads\/sites\/14\/2022\/06\/wakacje-300x200.jpg 300w, https:\/\/przedszkole99.edu.wroclaw.pl\/wp-content\/uploads\/sites\/14\/2022\/06\/wakacje-768x511.jpg 768w, https:\/\/przedszkole99.edu.wroclaw.pl\/wp-content\/uploads\/sites\/14\/2022\/06\/wakacje-600x399.jpg 600w, https:\/\/przedszkole99.edu.wroclaw.pl\/wp-content\/uploads\/sites\/14\/2022\/06\/wakacje.jpg 800w\" sizes=\"auto, (max-width: 300px) 100vw, 300px\" \/><\/a>[\/vc_wp_text][\/vc_column][\/vc_row]<\/p>\n<\/div>","protected":false},"excerpt":{"rendered":"<p>[vc_row][vc_column][vc_wp_text][\/vc_wp_text][\/vc_column][\/vc_row]<\/p>\n","protected":false},"author":133,"featured_media":0,"comment_status":"closed","ping_status":"open","sticky":false,"template":"","format":"standard","meta":{"ngg_post_thumbnail":0,"footnotes":""},"categories":[9],"tags":[],"class_list":["post-6192","post","type-post","status-publish","format-standard","hentry","category-aktualnosci","clearfix"],"_links":{"self":[{"href":"https:\/\/przedszkole99.edu.wroclaw.pl\/index.php\/wp-json\/wp\/v2\/posts\/6192","targetHints":{"allow":["GET"]}}],"collection":[{"href":"https:\/\/przedszkole99.edu.wroclaw.pl\/index.php\/wp-json\/wp\/v2\/posts"}],"about":[{"href":"https:\/\/przedszkole99.edu.wroclaw.pl\/index.php\/wp-json\/wp\/v2\/types\/post"}],"author":[{"embeddable":true,"href":"https:\/\/przedszkole99.edu.wroclaw.pl\/index.php\/wp-json\/wp\/v2\/users\/133"}],"replies":[{"embeddable":true,"href":"https:\/\/przedszkole99.edu.wroclaw.pl\/index.php\/wp-json\/wp\/v2\/comments?post=6192"}],"version-history":[{"count":1,"href":"https:\/\/przedszkole99.edu.wroclaw.pl\/index.php\/wp-json\/wp\/v2\/posts\/6192\/revisions"}],"predecessor-version":[{"id":6194,"href":"https:\/\/przedszkole99.edu.wroclaw.pl\/index.php\/wp-json\/wp\/v2\/posts\/6192\/revisions\/6194"}],"wp:attachment":[{"href":"https:\/\/przedszkole99.edu.wroclaw.pl\/index.php\/wp-json\/wp\/v2\/media?parent=6192"}],"wp:term":[{"taxonomy":"category","embeddable":true,"href":"https:\/\/przedszkole99.edu.wroclaw.pl\/index.php\/wp-json\/wp\/v2\/categories?post=6192"},{"taxonomy":"post_tag","embeddable":true,"href":"https:\/\/przedszkole99.edu.wroclaw.pl\/index.php\/wp-json\/wp\/v2\/tags?post=6192"}],"curies":[{"name":"wp","href":"https:\/\/api.w.org\/{rel}","templated":true}]}}