
{"id":6180,"date":"2022-06-24T14:02:17","date_gmt":"2022-06-24T12:02:17","guid":{"rendered":"https:\/\/przedszkole99.edu.wroclaw.pl\/?p=6180"},"modified":"2022-06-24T14:02:17","modified_gmt":"2022-06-24T12:02:17","slug":"eko-bajeczka","status":"publish","type":"post","link":"https:\/\/przedszkole99.edu.wroclaw.pl\/index.php\/2022\/06\/24\/eko-bajeczka\/","title":{"rendered":"&#8222;Eko-bajeczka&#8221;"},"content":{"rendered":"<div class=\"wpb-content-wrapper\"><p>[vc_row][vc_column][vc_wp_text]Drodzy Rodzice!<\/p>\n<p>Dzisiaj w naszym przedszkolu odby\u0142o si\u0119 przedstawienie teatralne, pt.: &#8222;Eko bajeczka&#8221;. Spektakl przygotowa\u0142a grupa teatralna &#8221; Nauczyciele- dzieciom&#8221; z naszego przedszkola.Wszyscy wspaniale sp\u0119dzili czas :)[\/vc_wp_text][\/vc_column][\/vc_row]<\/p>\n<\/div>","protected":false},"excerpt":{"rendered":"<p>[vc_row][vc_column][vc_wp_text]Drodzy Rodzice! Dzisiaj w naszym przedszkolu odby\u0142o si\u0119 przedstawienie teatralne, pt.: &#8222;Eko bajeczka&#8221;. Spektakl przygotowa\u0142a grupa teatralna &#8221; Nauczyciele- dzieciom&#8221; z naszego przedszkola.Wszyscy wspaniale sp\u0119dzili czas :)[\/vc_wp_text][\/vc_column][\/vc_row]<\/p>\n","protected":false},"author":133,"featured_media":0,"comment_status":"closed","ping_status":"open","sticky":false,"template":"","format":"standard","meta":{"ngg_post_thumbnail":0,"footnotes":""},"categories":[9],"tags":[],"class_list":["post-6180","post","type-post","status-publish","format-standard","hentry","category-aktualnosci","clearfix"],"_links":{"self":[{"href":"https:\/\/przedszkole99.edu.wroclaw.pl\/index.php\/wp-json\/wp\/v2\/posts\/6180","targetHints":{"allow":["GET"]}}],"collection":[{"href":"https:\/\/przedszkole99.edu.wroclaw.pl\/index.php\/wp-json\/wp\/v2\/posts"}],"about":[{"href":"https:\/\/przedszkole99.edu.wroclaw.pl\/index.php\/wp-json\/wp\/v2\/types\/post"}],"author":[{"embeddable":true,"href":"https:\/\/przedszkole99.edu.wroclaw.pl\/index.php\/wp-json\/wp\/v2\/users\/133"}],"replies":[{"embeddable":true,"href":"https:\/\/przedszkole99.edu.wroclaw.pl\/index.php\/wp-json\/wp\/v2\/comments?post=6180"}],"version-history":[{"count":1,"href":"https:\/\/przedszkole99.edu.wroclaw.pl\/index.php\/wp-json\/wp\/v2\/posts\/6180\/revisions"}],"predecessor-version":[{"id":6181,"href":"https:\/\/przedszkole99.edu.wroclaw.pl\/index.php\/wp-json\/wp\/v2\/posts\/6180\/revisions\/6181"}],"wp:attachment":[{"href":"https:\/\/przedszkole99.edu.wroclaw.pl\/index.php\/wp-json\/wp\/v2\/media?parent=6180"}],"wp:term":[{"taxonomy":"category","embeddable":true,"href":"https:\/\/przedszkole99.edu.wroclaw.pl\/index.php\/wp-json\/wp\/v2\/categories?post=6180"},{"taxonomy":"post_tag","embeddable":true,"href":"https:\/\/przedszkole99.edu.wroclaw.pl\/index.php\/wp-json\/wp\/v2\/tags?post=6180"}],"curies":[{"name":"wp","href":"https:\/\/api.w.org\/{rel}","templated":true}]}}