
{"id":6137,"date":"2022-05-30T12:47:36","date_gmt":"2022-05-30T10:47:36","guid":{"rendered":"https:\/\/przedszkole99.edu.wroclaw.pl\/?p=6137"},"modified":"2022-05-30T12:47:54","modified_gmt":"2022-05-30T10:47:54","slug":"dzien-dziecka-1-06-22","status":"publish","type":"post","link":"https:\/\/przedszkole99.edu.wroclaw.pl\/index.php\/2022\/05\/30\/dzien-dziecka-1-06-22\/","title":{"rendered":"Dzie\u0144 Dziecka 1.06.22"},"content":{"rendered":"<div class=\"wpb-content-wrapper\"><p>[vc_row][vc_column][vc_wp_text]<\/p>\n<div dir=\"auto\">Drodzy Rodzice!<\/div>\n<div dir=\"auto\"><\/div>\n<div dir=\"auto\">Z okazji Dnia Dziecka (1.06 \u015broda)organizujemy w przedszkolu dzie\u0144 pe\u0142en atrakcji.<\/div>\n<div dir=\"auto\">Je\u017celi b\u0119dzie pogoda sp\u0119dzimy czas na podw\u00f3rku wykonuj\u0105c prace plastyczne, bawi\u0105c si\u0119 z Panem Jackiem z rytmiki, oraz z\u00a0 Pani\u0105 Iz\u0105 z Ma\u0142ych Wspania\u0142ych, poznaj\u0105c nowe zabawy podw\u00f3rkowe oraz poskaczemy na dmucha\u0144cach.<\/div>\n<div dir=\"auto\">W razie niepogody wszystkie atrakcje, opr\u00f3cz dmucha\u0144c\u00f3w,\u00a0 odb\u0119d\u0105 si\u0119 w przedszkolu.<\/div>\n<div dir=\"auto\"><\/div>\n<div dir=\"auto\">Dodatkow\u0105 atrakcj\u0105 b\u0119dzie piknik na \u015bwie\u017cym powietrzu.<\/div>\n<div dir=\"auto\"><\/div>\n<div dir=\"auto\">Prosimy,aby wszystkie dzieci mia\u0142y w tym dniu wygodny str\u00f3j oraz czapki z daszkiem.<\/div>\n<p>[\/vc_wp_text][\/vc_column][\/vc_row]<\/p>\n<\/div>","protected":false},"excerpt":{"rendered":"<p>[vc_row][vc_column][vc_wp_text] Drodzy Rodzice! Z okazji Dnia Dziecka (1.06 \u015broda)organizujemy w przedszkolu dzie\u0144 pe\u0142en atrakcji. Je\u017celi b\u0119dzie pogoda sp\u0119dzimy czas na podw\u00f3rku wykonuj\u0105c prace plastyczne, bawi\u0105c si\u0119 z Panem Jackiem z [&hellip;]<\/p>\n","protected":false},"author":133,"featured_media":0,"comment_status":"closed","ping_status":"open","sticky":false,"template":"","format":"standard","meta":{"ngg_post_thumbnail":0,"footnotes":""},"categories":[9],"tags":[],"class_list":["post-6137","post","type-post","status-publish","format-standard","hentry","category-aktualnosci","clearfix"],"_links":{"self":[{"href":"https:\/\/przedszkole99.edu.wroclaw.pl\/index.php\/wp-json\/wp\/v2\/posts\/6137","targetHints":{"allow":["GET"]}}],"collection":[{"href":"https:\/\/przedszkole99.edu.wroclaw.pl\/index.php\/wp-json\/wp\/v2\/posts"}],"about":[{"href":"https:\/\/przedszkole99.edu.wroclaw.pl\/index.php\/wp-json\/wp\/v2\/types\/post"}],"author":[{"embeddable":true,"href":"https:\/\/przedszkole99.edu.wroclaw.pl\/index.php\/wp-json\/wp\/v2\/users\/133"}],"replies":[{"embeddable":true,"href":"https:\/\/przedszkole99.edu.wroclaw.pl\/index.php\/wp-json\/wp\/v2\/comments?post=6137"}],"version-history":[{"count":1,"href":"https:\/\/przedszkole99.edu.wroclaw.pl\/index.php\/wp-json\/wp\/v2\/posts\/6137\/revisions"}],"predecessor-version":[{"id":6138,"href":"https:\/\/przedszkole99.edu.wroclaw.pl\/index.php\/wp-json\/wp\/v2\/posts\/6137\/revisions\/6138"}],"wp:attachment":[{"href":"https:\/\/przedszkole99.edu.wroclaw.pl\/index.php\/wp-json\/wp\/v2\/media?parent=6137"}],"wp:term":[{"taxonomy":"category","embeddable":true,"href":"https:\/\/przedszkole99.edu.wroclaw.pl\/index.php\/wp-json\/wp\/v2\/categories?post=6137"},{"taxonomy":"post_tag","embeddable":true,"href":"https:\/\/przedszkole99.edu.wroclaw.pl\/index.php\/wp-json\/wp\/v2\/tags?post=6137"}],"curies":[{"name":"wp","href":"https:\/\/api.w.org\/{rel}","templated":true}]}}