
{"id":6068,"date":"2022-04-20T17:27:13","date_gmt":"2022-04-20T15:27:13","guid":{"rendered":"https:\/\/przedszkole99.edu.wroclaw.pl\/?p=6068"},"modified":"2022-04-20T17:27:13","modified_gmt":"2022-04-20T15:27:13","slug":"dzien-ziemi-22-04","status":"publish","type":"post","link":"https:\/\/przedszkole99.edu.wroclaw.pl\/index.php\/2022\/04\/20\/dzien-ziemi-22-04\/","title":{"rendered":"Dzie\u0144 Ziemi 22.04"},"content":{"rendered":"<div class=\"wpb-content-wrapper\"><p>[vc_row][vc_column][vc_wp_text]Kochane dzieci, drodzy rodzice<\/p>\n<p>&nbsp;<\/p>\n<p>W dniu 22.04.2022(pi\u0105tek) obchodzimy \u015bwiatowy <strong>Dzie\u0144 Ziemi.<\/strong><\/p>\n<p>Z tej okazji dzieci dowiedz\u0105 si\u0119 wielu ciekawych informacji o naszej planecie, a tak\u017ce jak dba\u0107 o przyrod\u0119 i \u015brodowisko.<\/p>\n<p>W naszym ogrodzie przedszkolnym odb\u0119dzie si\u0119 Eko-Bal i pokaz mody.<\/p>\n<p>Zach\u0119camy rodzic\u00f3w wraz z dzie\u0107mi do stworzenia stroju z surowc\u00f3w wt\u00f3rnych i nieu\u017cytk\u00f3w (np: gazety, butelki plastikowe, worki i inne wed\u0142ug pomys\u0142u)<\/p>\n<p>Dzieci b\u0119d\u0105 uczestniczy\u0107 r\u00f3wnie\u017c w zabawach ruchowych, plastycznych, muzycznych na \u015bwie\u017cym powietrzu.<\/p>\n<p>Je\u017celi aura za oknem nie b\u0119dzie sprzyja\u0142a pokaz mody odb\u0119dzie w przedszkolu a reszta zabaw na \u015bwie\u017cym powietrzu.[\/vc_wp_text][\/vc_column][\/vc_row]<\/p>\n<\/div>","protected":false},"excerpt":{"rendered":"<p>[vc_row][vc_column][vc_wp_text]Kochane dzieci, drodzy rodzice &nbsp; W dniu 22.04.2022(pi\u0105tek) obchodzimy \u015bwiatowy Dzie\u0144 Ziemi. Z tej okazji dzieci dowiedz\u0105 si\u0119 wielu ciekawych informacji o naszej planecie, a tak\u017ce jak dba\u0107 o przyrod\u0119 [&hellip;]<\/p>\n","protected":false},"author":133,"featured_media":0,"comment_status":"closed","ping_status":"open","sticky":false,"template":"","format":"standard","meta":{"ngg_post_thumbnail":0,"footnotes":""},"categories":[9],"tags":[],"class_list":["post-6068","post","type-post","status-publish","format-standard","hentry","category-aktualnosci","clearfix"],"_links":{"self":[{"href":"https:\/\/przedszkole99.edu.wroclaw.pl\/index.php\/wp-json\/wp\/v2\/posts\/6068","targetHints":{"allow":["GET"]}}],"collection":[{"href":"https:\/\/przedszkole99.edu.wroclaw.pl\/index.php\/wp-json\/wp\/v2\/posts"}],"about":[{"href":"https:\/\/przedszkole99.edu.wroclaw.pl\/index.php\/wp-json\/wp\/v2\/types\/post"}],"author":[{"embeddable":true,"href":"https:\/\/przedszkole99.edu.wroclaw.pl\/index.php\/wp-json\/wp\/v2\/users\/133"}],"replies":[{"embeddable":true,"href":"https:\/\/przedszkole99.edu.wroclaw.pl\/index.php\/wp-json\/wp\/v2\/comments?post=6068"}],"version-history":[{"count":1,"href":"https:\/\/przedszkole99.edu.wroclaw.pl\/index.php\/wp-json\/wp\/v2\/posts\/6068\/revisions"}],"predecessor-version":[{"id":6069,"href":"https:\/\/przedszkole99.edu.wroclaw.pl\/index.php\/wp-json\/wp\/v2\/posts\/6068\/revisions\/6069"}],"wp:attachment":[{"href":"https:\/\/przedszkole99.edu.wroclaw.pl\/index.php\/wp-json\/wp\/v2\/media?parent=6068"}],"wp:term":[{"taxonomy":"category","embeddable":true,"href":"https:\/\/przedszkole99.edu.wroclaw.pl\/index.php\/wp-json\/wp\/v2\/categories?post=6068"},{"taxonomy":"post_tag","embeddable":true,"href":"https:\/\/przedszkole99.edu.wroclaw.pl\/index.php\/wp-json\/wp\/v2\/tags?post=6068"}],"curies":[{"name":"wp","href":"https:\/\/api.w.org\/{rel}","templated":true}]}}