
{"id":5687,"date":"2021-10-01T10:25:56","date_gmt":"2021-10-01T08:25:56","guid":{"rendered":"https:\/\/przedszkole99.edu.wroclaw.pl\/?p=5687"},"modified":"2021-10-11T13:18:40","modified_gmt":"2021-10-11T11:18:40","slug":"jesienny-smogo-smog-18-10-2021","status":"publish","type":"post","link":"https:\/\/przedszkole99.edu.wroclaw.pl\/index.php\/2021\/10\/01\/jesienny-smogo-smog-18-10-2021\/","title":{"rendered":"Jesienny Smogo-Smok 18.10.2021"},"content":{"rendered":"<div class=\"wpb-content-wrapper\"><p>[vc_row][vc_column][vc_wp_text]<span style=\"font-size: 22.0pt\">Dnia 18.10.2021 (poniedzia\u0142ek) zostanie zorganizowany Jesienny Smogo-Smog w ogrodzie przedszkolnym. Bardzo prosimy, aby dzieci w tym dniu by\u0142y ubrane na sportowo.<\/span><\/p>\n<div dir=\"auto\" data-ogsc=\"rgb(33, 33, 33)\" data-ogsb=\"white\">\n<p><span style=\"font-size: large\">Drodzy rodzice\u00a0<\/span><\/p>\n<p><span style=\"font-size: large\">W poniedzia\u0142ek 18.10 w naszym przedszkolu odb\u0119dzie si\u0119 &#8222;Jesienny Smogo-Smok&#8221; czyli zabawy podw\u00f3rkowe maj\u0105ce na celu zwi\u0119kszenie \u015bwiadomo\u015bci na temat smogu. W zwi\u0105zku z powy\u017cszym mamy pro\u015bb\u0119: je\u015bli maj\u0105 Pa\u0144stwo w domu ziemi\u0119 ogrodow\u0105, kamyczki, s\u0142oiki 5-cio litrowe, bardzo prosimy o przyniesienie kt\u00f3regokolwiek elementu w miar\u0119 mo\u017cliwo\u015bci. Z wymienionych produkt\u00f3w powstan\u0105 lasy w s\u0142oikach.\u00a0<\/span><\/p>\n<p><span style=\"font-size: large\">Serdecznie dzi\u0119kujemy za pomoc.<\/span><\/p>\n<\/div>\n<p>[\/vc_wp_text][\/vc_column][\/vc_row]<\/p>\n<\/div>","protected":false},"excerpt":{"rendered":"<p>[vc_row][vc_column][vc_wp_text]Dnia 18.10.2021 (poniedzia\u0142ek) zostanie zorganizowany Jesienny Smogo-Smog w ogrodzie przedszkolnym. Bardzo prosimy, aby dzieci w tym dniu by\u0142y ubrane na sportowo. Drodzy rodzice\u00a0 W poniedzia\u0142ek 18.10 w naszym przedszkolu odb\u0119dzie [&hellip;]<\/p>\n","protected":false},"author":133,"featured_media":0,"comment_status":"closed","ping_status":"open","sticky":false,"template":"","format":"standard","meta":{"ngg_post_thumbnail":0,"footnotes":""},"categories":[9],"tags":[],"class_list":["post-5687","post","type-post","status-publish","format-standard","hentry","category-aktualnosci","clearfix"],"_links":{"self":[{"href":"https:\/\/przedszkole99.edu.wroclaw.pl\/index.php\/wp-json\/wp\/v2\/posts\/5687","targetHints":{"allow":["GET"]}}],"collection":[{"href":"https:\/\/przedszkole99.edu.wroclaw.pl\/index.php\/wp-json\/wp\/v2\/posts"}],"about":[{"href":"https:\/\/przedszkole99.edu.wroclaw.pl\/index.php\/wp-json\/wp\/v2\/types\/post"}],"author":[{"embeddable":true,"href":"https:\/\/przedszkole99.edu.wroclaw.pl\/index.php\/wp-json\/wp\/v2\/users\/133"}],"replies":[{"embeddable":true,"href":"https:\/\/przedszkole99.edu.wroclaw.pl\/index.php\/wp-json\/wp\/v2\/comments?post=5687"}],"version-history":[{"count":5,"href":"https:\/\/przedszkole99.edu.wroclaw.pl\/index.php\/wp-json\/wp\/v2\/posts\/5687\/revisions"}],"predecessor-version":[{"id":5701,"href":"https:\/\/przedszkole99.edu.wroclaw.pl\/index.php\/wp-json\/wp\/v2\/posts\/5687\/revisions\/5701"}],"wp:attachment":[{"href":"https:\/\/przedszkole99.edu.wroclaw.pl\/index.php\/wp-json\/wp\/v2\/media?parent=5687"}],"wp:term":[{"taxonomy":"category","embeddable":true,"href":"https:\/\/przedszkole99.edu.wroclaw.pl\/index.php\/wp-json\/wp\/v2\/categories?post=5687"},{"taxonomy":"post_tag","embeddable":true,"href":"https:\/\/przedszkole99.edu.wroclaw.pl\/index.php\/wp-json\/wp\/v2\/tags?post=5687"}],"curies":[{"name":"wp","href":"https:\/\/api.w.org\/{rel}","templated":true}]}}